{"id":136,"date":"2025-01-16T10:02:08","date_gmt":"2025-01-16T10:02:08","guid":{"rendered":"https:\/\/www.assnsm.org\/ag\/?p=136"},"modified":"2025-01-16T10:04:56","modified_gmt":"2025-01-16T10:04:56","slug":"reg-interno-sad","status":"publish","type":"post","link":"https:\/\/www.assnsm.org\/ag\/reg-interno-sad\/","title":{"rendered":"REG INTERNO SAD"},"content":{"rendered":"<p><a href=\"http:\/\/www.assnsm.org\/ag\/wp-content\/uploads\/2025\/01\/Reg.Interno-SAD-2022.pdf\">Reg.Interno &#8211; SAD 2022<\/a><\/p>\n","protected":false},"excerpt":{"rendered":"<p>Reg.Interno &#8211; SAD 2022<\/p>\n","protected":false},"author":2,"featured_media":0,"comment_status":"closed","ping_status":"closed","sticky":false,"template":"","format":"standard","meta":{"_acf_changed":false,"footnotes":""},"categories":[1],"tags":[],"class_list":["post-136","post","type-post","status-publish","format-standard","hentry","category-geral"],"acf":[],"yoast_head":"<!-- This site is optimized with the Yoast SEO plugin v24.2 - https:\/\/yoast.com\/wordpress\/plugins\/seo\/ -->\n<title>REG INTERNO SAD - Associa\u00e7\u00e3o de Solidariedade Social Nossa Senhora do Mar<\/title>\n<meta name=\"robots\" content=\"index, follow, max-snippet:-1, max-image-preview:large, max-video-preview:-1\" \/>\n<link rel=\"canonical\" href=\"https:\/\/www.assnsm.org\/ag\/reg-interno-sad\/\" \/>\n<meta property=\"og:locale\" content=\"pt_PT\" \/>\n<meta property=\"og:type\" content=\"article\" \/>\n<meta property=\"og:title\" content=\"REG INTERNO SAD - Associa\u00e7\u00e3o de Solidariedade Social Nossa Senhora do Mar\" \/>\n<meta property=\"og:description\" content=\"Reg.Interno &#8211; SAD 2022\" \/>\n<meta property=\"og:url\" content=\"https:\/\/www.assnsm.org\/ag\/reg-interno-sad\/\" \/>\n<meta property=\"og:site_name\" content=\"Associa\u00e7\u00e3o de Solidariedade Social Nossa Senhora do Mar\" \/>\n<meta property=\"article:published_time\" content=\"2025-01-16T10:02:08+00:00\" \/>\n<meta property=\"article:modified_time\" content=\"2025-01-16T10:04:56+00:00\" \/>\n<meta name=\"author\" content=\"T\u00e9cnicos \u00c1rea de Gest\u00e3o\" \/>\n<meta name=\"twitter:card\" content=\"summary_large_image\" \/>\n<meta name=\"twitter:label1\" content=\"Escrito por\" \/>\n\t<meta name=\"twitter:data1\" content=\"T\u00e9cnicos \u00c1rea de Gest\u00e3o\" \/>\n\t<meta name=\"twitter:label2\" content=\"Tempo estimado de leitura\" \/>\n\t<meta name=\"twitter:data2\" content=\"1 minuto\" \/>\n<script type=\"application\/ld+json\" class=\"yoast-schema-graph\">{\"@context\":\"https:\/\/schema.org\",\"@graph\":[{\"@type\":\"WebPage\",\"@id\":\"https:\/\/www.assnsm.org\/ag\/reg-interno-sad\/\",\"url\":\"https:\/\/www.assnsm.org\/ag\/reg-interno-sad\/\",\"name\":\"REG INTERNO SAD - Associa\u00e7\u00e3o de Solidariedade Social Nossa Senhora do Mar\",\"isPartOf\":{\"@id\":\"https:\/\/www.assnsm.org\/ag\/#website\"},\"datePublished\":\"2025-01-16T10:02:08+00:00\",\"dateModified\":\"2025-01-16T10:04:56+00:00\",\"author\":{\"@id\":\"https:\/\/www.assnsm.org\/ag\/#\/schema\/person\/48174a72bd0d792f98c7847b79438891\"},\"breadcrumb\":{\"@id\":\"https:\/\/www.assnsm.org\/ag\/reg-interno-sad\/#breadcrumb\"},\"inLanguage\":\"pt-PT\",\"potentialAction\":[{\"@type\":\"ReadAction\",\"target\":[\"https:\/\/www.assnsm.org\/ag\/reg-interno-sad\/\"]}]},{\"@type\":\"BreadcrumbList\",\"@id\":\"https:\/\/www.assnsm.org\/ag\/reg-interno-sad\/#breadcrumb\",\"itemListElement\":[{\"@type\":\"ListItem\",\"position\":1,\"name\":\"Home\",\"item\":\"https:\/\/www.assnsm.org\/ag\/\"},{\"@type\":\"ListItem\",\"position\":2,\"name\":\"REG INTERNO SAD\"}]},{\"@type\":\"WebSite\",\"@id\":\"https:\/\/www.assnsm.org\/ag\/#website\",\"url\":\"https:\/\/www.assnsm.org\/ag\/\",\"name\":\"Associa\u00e7\u00e3o de Solidariedade Social Nossa Senhora do Mar\",\"description\":\"Presta\u00e7\u00e3o de Contas Anuais\",\"potentialAction\":[{\"@type\":\"SearchAction\",\"target\":{\"@type\":\"EntryPoint\",\"urlTemplate\":\"https:\/\/www.assnsm.org\/ag\/?s={search_term_string}\"},\"query-input\":{\"@type\":\"PropertyValueSpecification\",\"valueRequired\":true,\"valueName\":\"search_term_string\"}}],\"inLanguage\":\"pt-PT\"},{\"@type\":\"Person\",\"@id\":\"https:\/\/www.assnsm.org\/ag\/#\/schema\/person\/48174a72bd0d792f98c7847b79438891\",\"name\":\"T\u00e9cnicos \u00c1rea de Gest\u00e3o\",\"url\":\"https:\/\/www.assnsm.org\/ag\/author\/tecnicos\/\"}]}<\/script>\n<!-- \/ Yoast SEO plugin. -->","yoast_head_json":{"title":"REG INTERNO SAD - Associa\u00e7\u00e3o de Solidariedade Social Nossa Senhora do Mar","robots":{"index":"index","follow":"follow","max-snippet":"max-snippet:-1","max-image-preview":"max-image-preview:large","max-video-preview":"max-video-preview:-1"},"canonical":"https:\/\/www.assnsm.org\/ag\/reg-interno-sad\/","og_locale":"pt_PT","og_type":"article","og_title":"REG INTERNO SAD - Associa\u00e7\u00e3o de Solidariedade Social Nossa Senhora do Mar","og_description":"Reg.Interno &#8211; SAD 2022","og_url":"https:\/\/www.assnsm.org\/ag\/reg-interno-sad\/","og_site_name":"Associa\u00e7\u00e3o de Solidariedade Social Nossa Senhora do Mar","article_published_time":"2025-01-16T10:02:08+00:00","article_modified_time":"2025-01-16T10:04:56+00:00","author":"T\u00e9cnicos \u00c1rea de Gest\u00e3o","twitter_card":"summary_large_image","twitter_misc":{"Escrito por":"T\u00e9cnicos \u00c1rea de Gest\u00e3o","Tempo estimado de leitura":"1 minuto"},"schema":{"@context":"https:\/\/schema.org","@graph":[{"@type":"WebPage","@id":"https:\/\/www.assnsm.org\/ag\/reg-interno-sad\/","url":"https:\/\/www.assnsm.org\/ag\/reg-interno-sad\/","name":"REG INTERNO SAD - Associa\u00e7\u00e3o de Solidariedade Social Nossa Senhora do Mar","isPartOf":{"@id":"https:\/\/www.assnsm.org\/ag\/#website"},"datePublished":"2025-01-16T10:02:08+00:00","dateModified":"2025-01-16T10:04:56+00:00","author":{"@id":"https:\/\/www.assnsm.org\/ag\/#\/schema\/person\/48174a72bd0d792f98c7847b79438891"},"breadcrumb":{"@id":"https:\/\/www.assnsm.org\/ag\/reg-interno-sad\/#breadcrumb"},"inLanguage":"pt-PT","potentialAction":[{"@type":"ReadAction","target":["https:\/\/www.assnsm.org\/ag\/reg-interno-sad\/"]}]},{"@type":"BreadcrumbList","@id":"https:\/\/www.assnsm.org\/ag\/reg-interno-sad\/#breadcrumb","itemListElement":[{"@type":"ListItem","position":1,"name":"Home","item":"https:\/\/www.assnsm.org\/ag\/"},{"@type":"ListItem","position":2,"name":"REG INTERNO SAD"}]},{"@type":"WebSite","@id":"https:\/\/www.assnsm.org\/ag\/#website","url":"https:\/\/www.assnsm.org\/ag\/","name":"Associa\u00e7\u00e3o de Solidariedade Social Nossa Senhora do Mar","description":"Presta\u00e7\u00e3o de Contas Anuais","potentialAction":[{"@type":"SearchAction","target":{"@type":"EntryPoint","urlTemplate":"https:\/\/www.assnsm.org\/ag\/?s={search_term_string}"},"query-input":{"@type":"PropertyValueSpecification","valueRequired":true,"valueName":"search_term_string"}}],"inLanguage":"pt-PT"},{"@type":"Person","@id":"https:\/\/www.assnsm.org\/ag\/#\/schema\/person\/48174a72bd0d792f98c7847b79438891","name":"T\u00e9cnicos \u00c1rea de Gest\u00e3o","url":"https:\/\/www.assnsm.org\/ag\/author\/tecnicos\/"}]}},"_links":{"self":[{"href":"https:\/\/www.assnsm.org\/ag\/wp-json\/wp\/v2\/posts\/136","targetHints":{"allow":["GET"]}}],"collection":[{"href":"https:\/\/www.assnsm.org\/ag\/wp-json\/wp\/v2\/posts"}],"about":[{"href":"https:\/\/www.assnsm.org\/ag\/wp-json\/wp\/v2\/types\/post"}],"author":[{"embeddable":true,"href":"https:\/\/www.assnsm.org\/ag\/wp-json\/wp\/v2\/users\/2"}],"replies":[{"embeddable":true,"href":"https:\/\/www.assnsm.org\/ag\/wp-json\/wp\/v2\/comments?post=136"}],"version-history":[{"count":1,"href":"https:\/\/www.assnsm.org\/ag\/wp-json\/wp\/v2\/posts\/136\/revisions"}],"predecessor-version":[{"id":138,"href":"https:\/\/www.assnsm.org\/ag\/wp-json\/wp\/v2\/posts\/136\/revisions\/138"}],"wp:attachment":[{"href":"https:\/\/www.assnsm.org\/ag\/wp-json\/wp\/v2\/media?parent=136"}],"wp:term":[{"taxonomy":"category","embeddable":true,"href":"https:\/\/www.assnsm.org\/ag\/wp-json\/wp\/v2\/categories?post=136"},{"taxonomy":"post_tag","embeddable":true,"href":"https:\/\/www.assnsm.org\/ag\/wp-json\/wp\/v2\/tags?post=136"}],"curies":[{"name":"wp","href":"https:\/\/api.w.org\/{rel}","templated":true}]}}